{"id":2460,"date":"2011-02-04T08:41:41","date_gmt":"2011-02-04T12:41:41","guid":{"rendered":"http:\/\/earth-child.info\/?p=2137"},"modified":"2011-02-04T08:41:41","modified_gmt":"2011-02-04T12:41:41","slug":"samhain-samain-1e-novembre-2","status":"publish","type":"post","link":"https:\/\/rainterra.net\/index.php\/2011\/02\/04\/samhain-samain-1e-novembre-2\/","title":{"rendered":"Samhain (Samain) 1e Novembre"},"content":{"rendered":"<p><img loading=\"lazy\" decoding=\"async\" class=\"alignleft size-full wp-image-1982\" src=\"http:\/\/earth-child.info\/wp-content\/uploads\/2010\/12\/Samhain.jpg\" alt=\"\" width=\"100\" height=\"100\" \/>C&rsquo;est le d\u00e9but du cercle des saisons, le premier jour du calendrier Celte, Samhain est c\u00e9l\u00e9br\u00e9 le 31 octobre.<\/p>\n<p><!--more-->Par cette f\u00eate on reconna\u00eet le d\u00e9clin du soleil. C&rsquo;est un temps pour r\u00e9fl\u00e9chir, repenser aux \u00e9v\u00e9nements qui se sont produits toute l&rsquo;ann\u00e9e durant, pour accepter un ph\u00e9nom\u00e8ne qui nous \u00e9chappe totalement (la mort). C&rsquo;est le jour o\u00f9 la fronti\u00e8re entre le monde des morts et des vivants est ouverte.<\/p>\n<h4>Emphase de Samhain<\/h4>\n<p><em>prendre un moment<br \/>\n<\/em>L\u2019emphase est port\u00e9 sur les disparus, les d\u00e9funts. Ce temps est d\u00e9di\u00e9 \u00e0 ceux qui sont mort depuis les temps anciens. Le voile entre les mondes et tr\u00e8s fin. Le respect et la r\u00e9v\u00e9rence est de mise.<\/p>\n<h4>D\u00e9coration et c\u00e9l\u00e9bration<\/h4>\n<p><em>pour une f\u00eate r\u00e9ussie<br \/>\n<\/em><strong>Nappe:<\/strong> noire et orange<br \/>\n<strong>D\u00e9coration:<\/strong> citrouilles, courges, noix, racines et l\u00e9gumes<br \/>\n:: Des lanternes de petites citrouilles ou de navets \u00e9vid\u00e9s et d\u00e9cor\u00e9s avec des bougies.<br \/>\n:: Des pommes, des chrysanth\u00e8mes, des feuilles rougies par l\u2019automne, des noix.<br \/>\n:: Des photographies ou autres souvenirs de nos d\u00e9funts, \u00e0 placer sur l\u2019autel.<br \/>\n:: Du pain de potiron ou cake aux fruits et aux \u00e9pices, tarte et autre nourriture<br \/>\n:: Du punch aux fruits et aux \u00e9pices<\/p>\n","protected":false},"excerpt":{"rendered":"<p>C&rsquo;est le d\u00e9but du cercle des saisons, le premier jour du calendrier Celte, Samhain est c\u00e9l\u00e9br\u00e9 le 31 octobre.<\/p>\n","protected":false},"author":5,"featured_media":0,"comment_status":"open","ping_status":"open","sticky":false,"template":"","format":"standard","meta":{"footnotes":""},"categories":[360],"tags":[190,279,567],"class_list":["post-2460","post","type-post","status-publish","format-standard","hentry","category-samhain-sabbat-esbats","tag-celebration","tag-sabbat","tag-samhain-3"],"_links":{"self":[{"href":"https:\/\/rainterra.net\/index.php\/wp-json\/wp\/v2\/posts\/2460","targetHints":{"allow":["GET"]}}],"collection":[{"href":"https:\/\/rainterra.net\/index.php\/wp-json\/wp\/v2\/posts"}],"about":[{"href":"https:\/\/rainterra.net\/index.php\/wp-json\/wp\/v2\/types\/post"}],"author":[{"embeddable":true,"href":"https:\/\/rainterra.net\/index.php\/wp-json\/wp\/v2\/users\/5"}],"replies":[{"embeddable":true,"href":"https:\/\/rainterra.net\/index.php\/wp-json\/wp\/v2\/comments?post=2460"}],"version-history":[{"count":0,"href":"https:\/\/rainterra.net\/index.php\/wp-json\/wp\/v2\/posts\/2460\/revisions"}],"wp:attachment":[{"href":"https:\/\/rainterra.net\/index.php\/wp-json\/wp\/v2\/media?parent=2460"}],"wp:term":[{"taxonomy":"category","embeddable":true,"href":"https:\/\/rainterra.net\/index.php\/wp-json\/wp\/v2\/categories?post=2460"},{"taxonomy":"post_tag","embeddable":true,"href":"https:\/\/rainterra.net\/index.php\/wp-json\/wp\/v2\/tags?post=2460"}],"curies":[{"name":"wp","href":"https:\/\/api.w.org\/{rel}","templated":true}]}}