{"id":2463,"date":"2011-03-04T08:58:33","date_gmt":"2011-03-04T12:58:33","guid":{"rendered":"http:\/\/earth-child.info\/?p=2149"},"modified":"2011-03-04T08:58:33","modified_gmt":"2011-03-04T12:58:33","slug":"imbolc-imbolic-2-fevrier-2","status":"publish","type":"post","link":"https:\/\/rainterra.net\/index.php\/2011\/03\/04\/imbolc-imbolic-2-fevrier-2\/","title":{"rendered":"Imbolc (Imbolic) 2 f\u00e9vrier"},"content":{"rendered":"<div class=\"entry-content\">\n<p><strong><a rel=\"lightbox[81]\" href=\"http:\/\/earth-child.info\/wp-content\/uploads\/2011\/01\/378189479.jpg\"><\/a><\/strong><img loading=\"lazy\" decoding=\"async\" class=\"alignleft size-full wp-image-1969\" src=\"http:\/\/earth-child.info\/wp-content\/uploads\/2011\/01\/Imbolc.jpg\" alt=\"\" width=\"100\" height=\"100\" \/>Cette f\u00eate marque la fin de l\u2019hiver. Imbolc c\u00e9l\u00e8bre le r\u00e9veil de la terre et le pouvoir de faire pousser gr\u00e2ce au soleil.<\/p>\n<p><!--more-->C\u2019est la c\u00e9l\u00e9bration de la Lumi\u00e8re qui ne fait qu\u2019augmenter depuis le solstice d\u2019hiver, car elle annonce le printemps qui s\u2019am\u00e8ne. C\u2019est la f\u00eate du feu et c\u00e9l\u00e8bre la croissance spirituelle, la purification et les nouveaux d\u00e9parts. C\u2019est l\u2019occasion pour se d\u00e9barrasser des encombrements du pass\u00e9.<\/p>\n<h4><strong>Emphase d\u2019Imbolc<\/strong><\/h4>\n<p>prendre un moment<br \/>\nC\u2019est un moment de renouveau. D\u00e9barrassez-vous de tout ce qui vous retient dans le pass\u00e9 et commencez \u00e0 neuf. \u00c9purez votre \u00e2me et tout qui vous entoure. C\u2019est un temps id\u00e9al pour le bilan spirituel et le renouvellement de sa foi.<\/p>\n<h4>D\u00e9coration et c\u00e9l\u00e9bration<\/h4>\n<p><em>pour une f\u00eate r\u00e9ussie<\/em><br \/>\n<strong>Nappe:<\/strong> rouge et blanc<br \/>\n<strong>D\u00e9coration:<\/strong> racines<br \/>\n:: C\u2019est la c\u00e9l\u00e9bration de la lumi\u00e8re, d\u00e9corez de flocons de neige.<br \/>\n:: Une couronne garnie de bougies rouges, une branche de sapin, d\u2019\u00e9pinette ou de c\u00e8dre,<br \/>\n:: Un balai (fait de branches pour balayer symboliquement le pass\u00e9).<br \/>\n:: Des chandelles blanches<br \/>\n:: Des fleurs blanches (perce-neige, lys blanc\u2026) pourront servir \u00e0 le d\u00e9corer.<br \/>\n:: Remplir un grand bol d\u2019eau et y laisser flotter\u00a0perce-neiges et\u00a0petites bougies flottantes.<br \/>\n:: Remplir \u00a0un petit bol de terre et y mettre une bougie<br \/>\n\u00a0\u00a0\u00a0\u00a0 (la bougie repr\u00e9sente la lumi\u00e8re et l\u2019\u00e9nergie qui fait germer la premi\u00e8re graine dans la terre).<\/p>\n<\/div>\n<p><!-- .entry-content --><\/p>\n","protected":false},"excerpt":{"rendered":"<p>Cette f\u00eate marque la fin de l\u2019hiver. Imbolc c\u00e9l\u00e8bre le r\u00e9veil de la terre et le pouvoir de faire pousser gr\u00e2ce au soleil.<\/p>\n","protected":false},"author":5,"featured_media":0,"comment_status":"open","ping_status":"open","sticky":false,"template":"","format":"standard","meta":{"footnotes":""},"categories":[159],"tags":[190,229,279],"class_list":["post-2463","post","type-post","status-publish","format-standard","hentry","category-imbolc","tag-celebration","tag-imbolc","tag-sabbat"],"_links":{"self":[{"href":"https:\/\/rainterra.net\/index.php\/wp-json\/wp\/v2\/posts\/2463","targetHints":{"allow":["GET"]}}],"collection":[{"href":"https:\/\/rainterra.net\/index.php\/wp-json\/wp\/v2\/posts"}],"about":[{"href":"https:\/\/rainterra.net\/index.php\/wp-json\/wp\/v2\/types\/post"}],"author":[{"embeddable":true,"href":"https:\/\/rainterra.net\/index.php\/wp-json\/wp\/v2\/users\/5"}],"replies":[{"embeddable":true,"href":"https:\/\/rainterra.net\/index.php\/wp-json\/wp\/v2\/comments?post=2463"}],"version-history":[{"count":0,"href":"https:\/\/rainterra.net\/index.php\/wp-json\/wp\/v2\/posts\/2463\/revisions"}],"wp:attachment":[{"href":"https:\/\/rainterra.net\/index.php\/wp-json\/wp\/v2\/media?parent=2463"}],"wp:term":[{"taxonomy":"category","embeddable":true,"href":"https:\/\/rainterra.net\/index.php\/wp-json\/wp\/v2\/categories?post=2463"},{"taxonomy":"post_tag","embeddable":true,"href":"https:\/\/rainterra.net\/index.php\/wp-json\/wp\/v2\/tags?post=2463"}],"curies":[{"name":"wp","href":"https:\/\/api.w.org\/{rel}","templated":true}]}}